{"id":1708,"date":"2021-08-19T08:53:00","date_gmt":"2021-08-19T05:53:00","guid":{"rendered":"https:\/\/www.suymerbir.org.tr\/?p=1708"},"modified":"2025-08-19T08:56:30","modified_gmt":"2025-08-19T05:56:30","slug":"amerikada-yeni-bir-turun-yetistiriciliginin-yukselisi-siyah-morina","status":"publish","type":"post","link":"https:\/\/www.suymerbir.org.tr\/en\/amerikada-yeni-bir-turun-yetistiriciliginin-yukselisi-siyah-morina.html","title":{"rendered":"Amerika\u2019da yeni bir t\u00fcr\u00fcn yeti\u015ftiricili\u011finin y\u00fckseli\u015fi: Siyah Morina"},"content":{"rendered":"\n<p>D\u00fcnyada, geleneksel olarak t\u00fcketimini yapmay\u0131 sevdi\u011fimiz t\u00fcrlerin \u00fczerindeki bask\u0131dan halihaz\u0131rda haberdar\u0131z, bunun yan\u0131nda iklim de\u011fi\u015fikli\u011finin bildi\u011fimiz anlamdaki bal\u0131k yeti\u015ftiricili\u011fi \u00fczerinde olan bask\u0131lar\u0131 da art\u0131k yads\u0131namaz bir ger\u00e7ek. Bug\u00fcn yapabiliyor olmam\u0131z, gelecekte de ayn\u0131 yeti\u015ftiricilik performans\u0131n\u0131 g\u00f6sterebilece\u011fimiz anlam\u0131na gelmiyor olabilir.<\/p>\n\n\n\n<p>Bu nedenle, d\u00fcnyan\u0131n farkl\u0131 yerlerinde yeni t\u00fcrlerin k\u00fclt\u00fcre al\u0131nmas\u0131 \u00fczerine \u00e7al\u0131\u015fmalar devam ediyor. Tipik \u015fekilde Norve\u00e7\u2019in yeni bir yenge\u00e7 t\u00fcr\u00fcne pop\u00fclerlik kazand\u0131rma \u00e7al\u0131\u015fmalar\u0131n\u0131n yan\u0131nda, besin i\u00e7eri\u011fi ve besin sa\u011flamas\u0131 y\u00f6n\u00fcnden dikkat \u00e7eken bir ba\u015fka t\u00fcr\u00fcn, Amerika\u2019daki k\u00fclt\u00fcre al\u0131nma \u00e7al\u0131\u015fmalar\u0131nda neredeyse sona gelindi.<\/p>\n\n\n\n<p>\u0130nci beyaz\u0131 renkli eti, b\u00fcy\u00fck kadife pullar\u0131, dama\u011fa ho\u015f gelen zengin tad\u0131 ile uzun s\u00fcredir Amerika\u2019n\u0131n Pasifik okyanusu k\u0131y\u0131s\u0131ndaki topluluklar\u0131n halihaz\u0131rda besinleri aras\u0131nda yer alan Siyah Morina (<em>Anoplopoma fimbria<\/em>), Amerika\u2019daki bir pilot yeti\u015ftiricilik projesi sayesinde, art\u0131k daha fazla insan\u0131n taba\u011f\u0131na gelmeye haz\u0131r.<\/p>\n\n\n\n<p>Siyah morina, yeti\u015fkinlik evresinde genellikle \u00e7amurlu dip sular\u0131nda ya\u015fayan, gen\u00e7ken ise suyun pelajik b\u00f6lgesinde ya\u015fayan bir bal\u0131kt\u0131r. Kabuklularla, kurt\u00e7uklarla ve k\u00fc\u00e7\u00fck di\u011fer bal\u0131klarla beslenen siyah morina, Japonya\u2019da pazarda olan bir bal\u0131k ve genellikle taze, kuru, tuzlanm\u0131\u015f ve t\u00fcts\u00fclenmi\u015f formlarda t\u00fcketilir.<\/p>\n\n\n\n<p>Siyah Morina, NOAA Kuzeybat\u0131 Bal\u0131k\u00e7\u0131l\u0131k Bilim Merkezi, Jamestown S\u2019Klallam Kabilesi ve Washington \u00dcniversitesi aras\u0131ndaki bir ara\u015ft\u0131rma i\u015fbirli\u011fi ve ortakl\u0131\u011f\u0131n\u0131n sonucu olarak Washington\u2019daki Puget Sound\u2019daki Manchester Ara\u015ft\u0131rma \u0130stasyonundaki deneysel a\u011f kafeslerden geliyor.<\/p>\n\n\n\n<p>Bilim insanlar\u0131 pilot proje s\u0131ras\u0131nda kar\u015f\u0131la\u015ft\u0131klar\u0131 zorluklarla ba\u015fa \u00e7\u0131kmay\u0131 ba\u015farsalar da, ABD\u2019de ticari uygulaman\u0131n nas\u0131l ve nerede ger\u00e7ekle\u015fece\u011fine dair sosyal ve siyasi diren\u00e7, bal\u0131\u011f\u0131n yeti\u015ftiricilikteki gelece\u011finin \u00fczerini bir sis perdesi gibi kapl\u0131yor. Bu i\u015f Kanada\u2019da zaten var, British Columbia\u2019daki Golden Eagle Sablefish i\u015fbirli\u011fi ile Siyah Morina \u00fcreten Kyuquot-Checleseht First Nations ile birlikte yap\u0131l\u0131yor.<\/p>\n\n\n\n<p>NOAA Kuzeybat\u0131 Bal\u0131k\u00e7\u0131l\u0131k Bilim Merkezi, Amerika\u2019da ticari \u00f6l\u00e7ekli Siyah Morina yeti\u015ftiricili\u011fi operasyonlar\u0131n ba\u015flat\u0131lmas\u0131na yard\u0131mc\u0131 olmak i\u00e7in Jamestown S\u2019Klallam taraf\u0131na bilgi ve teknoloji geli\u015ftirmeyi ve aktarmay\u0131 ama\u00e7l\u0131yor.&nbsp;<\/p>\n\n\n\n<p>Ken Cain, NOAA\u2019ya kat\u0131larak, Su \u00dcr\u00fcnleri Yeti\u015ftiricili\u011fi ve Denizcilik B\u00f6l\u00fcm\u00fc\u2019n\u00fc denetlemeye ba\u015flad\u0131. Ge\u00e7en Ekim ay\u0131nda yapt\u0131\u011f\u0131 a\u00e7\u0131klamada, son on y\u0131lda NOAA\u2019daki ara\u015ft\u0131rma ekibinin bal\u0131k yumurtlamadan larva yeti\u015ftirmeye ve h\u0131zla b\u00fcy\u00fcyen yavrular \u00fcretmeye kadar bir\u00e7ok k\u00fclt\u00fcr y\u00f6ntemini ba\u015far\u0131l\u0131 bir \u015fekilde optimize etti\u011fini belirtti. Bu geli\u015fmeler, Bal\u0131k ve Kabuklu Deniz \u00dcr\u00fcnleri Biyoloji Program\u0131 i\u00e7inde ger\u00e7ekle\u015fti.<\/p>\n\n\n\n<p>Siyah Morinay\u0131 yeti\u015ftirmek, anlat\u0131ld\u0131\u011f\u0131 kadar kolay olmad\u0131. \u0130lk olarak, ara\u015ft\u0131rmac\u0131lar\u0131n dam\u0131zl\u0131k yeti\u015ftirmek i\u00e7in yakla\u015f\u0131k 5\u00b0C\u2019lik d\u00fc\u015f\u00fck s\u0131cakl\u0131\u011f\u0131 ve 300 m civar\u0131nda karanl\u0131k derin sular\u0131 do\u011fal ko\u015fullar\u0131yla birlikte iyi \u015fekilde taklit etmesi gerekiyordu. Cain, bu kritik zamanlarda yaln\u0131zca k\u0131rm\u0131z\u0131 \u0131\u015f\u0131k kulland\u0131klar\u0131n\u0131 belirtiyor.<\/p>\n\n\n\n<p>Yeti\u015fkin di\u015fi dam\u0131zl\u0131klar, yumurtalar\u0131n\u0131n hepsini bir anda salmad\u0131\u011f\u0131ndan, her biri sivri bir kalem ucu b\u00fcy\u00fckl\u00fc\u011f\u00fcnde olan yumurtalar\u0131 \u00e7\u0131karmak i\u00e7in birka\u00e7 g\u00fcnde bir kontrol edilmesi gerekiyor. Minik yumurtalar daha sonra kulu\u00e7ka makinelerine al\u0131n\u0131yor ve burada,&nbsp; bal\u0131klar\u0131n yumurtadan \u00e7\u0131kmalar\u0131 birka\u00e7 hafta s\u00fcr\u00fcyor. Embriyolar bir ay daha yumurta keselerindeki sar\u0131dan beslenirler, fakat daha sonra d\u0131\u015far\u0131dan yeme ba\u015flamak gerekiyor.<\/p>\n\n\n\n<p>Ba\u015flang\u0131\u00e7 olarak kuru, ticari \u00fcr\u00fcnlerle beslenebilen somon bal\u0131\u011f\u0131n\u0131n aksine, Siyah Morina yavrular\u0131 i\u00e7in canl\u0131 yem gerekiyor. Bu ihtiya\u00e7, NOAA\u2019dan bilim insanlar\u0131 taraf\u0131ndan Rotifer \u00fcretimi ile \u00e7\u00f6z\u00fcld\u00fc. Larvalar ayr\u0131ca, alglerin varl\u0131\u011f\u0131ndan kaynaklanan bulan\u0131kl\u0131l\u0131\u011f\u0131 da tercih ederler. Maliyetleri azaltmak i\u00e7in ara\u015ft\u0131rmac\u0131lar, uzun vadeli ekonomik canl\u0131l\u0131k yaratmada \u00f6nemli bir ad\u0131m olan alglerin yerine kili koydular. Ayr\u0131ca algleri maya ile de\u011fi\u015ftirerek rotifer yeminin maliyetini de d\u00fc\u015f\u00fcrmeye \u00e7al\u0131\u015f\u0131yorlar. \u00dczerinde \u00e7al\u0131\u015f\u0131lmakta olan bir ba\u015fka maliyet tasarrufu, ticari olarak temin edilebilen s\u0131v\u0131 artemia yemlerinin canl\u0131 olanlar ile ikame edilmesi y\u00f6n\u00fcnde.<\/p>\n\n\n\n<p>Siyah Morinan\u0131n yeti\u015ftiricili\u011fi \u00e7ok katmanl\u0131 bir i\u015f. Bal\u0131klarda yamyaml\u0131k g\u00f6r\u00fcn\u00fcyor ve&nbsp; beslenmeye ba\u015flad\u0131ktan sonra, b\u00fcy\u00fckl\u00fcklerine g\u00f6re ayr\u0131lmalar\u0131 gerekiyor. Cain, <em>Her zaman hareket etmeyen bir \u015feyle beslenmek istemeyen baz\u0131 bal\u0131klar vard\u0131r,<\/em> diyor, <em>Tanktaki herkesten daha b\u00fcy\u00fck olduklar\u0131nda, pop\u00fclasyonu olduk\u00e7a h\u0131zl\u0131 bir \u015fekilde azaltmalar\u0131 uzun s\u00fcrm\u00fcyor.<\/em><\/p>\n\n\n\n<p>Manchester Ara\u015ft\u0131rma \u0130stasyonundaki bir di\u011fer hedef de, yeti\u015ftiricilik alt\u0131nda k\u00fclt\u00fcrlenmi\u015f di\u015fi bal\u0131klar\u0131n tutarl\u0131 bir \u015fekilde olgunla\u015fmas\u0131 ve yumurtlamas\u0131d\u0131r. Bu, sert hava ko\u015fullar\u0131nda hem bir masraf hem de bir zorluk olan yabani dam\u0131zl\u0131k toplama ihtiyac\u0131n\u0131 ortadan kald\u0131racak, ayn\u0131 zamanda se\u00e7ici \u00fcremeye de izin verecektir. Cain, <em>\u0130deal olarak, en h\u0131zl\u0131 b\u00fcy\u00fcyen bal\u0131klar\u0131 se\u00e7er ve onlar\u0131 yeti\u015ftirirdik<\/em> diyor. Tuzluluk ve s\u0131cakl\u0131k gibi \u00e7evresel ipu\u00e7lar\u0131, ara\u015ft\u0131rmac\u0131lar i\u00e7in cevaplar sa\u011flayabilir.<\/p>\n\n\n\n<p>Bunun yan\u0131nda, sular\u0131n \u0131s\u0131nmas\u0131 durumunda Siyah Morina i\u00e7in gelecekte sorun olabilecek ancak somon bal\u0131\u011f\u0131 i\u00e7in art\u0131k sorun te\u015fkil etmeyen bakteriyel bir hastal\u0131k olan fronk\u00fclozu \u00f6nleyecek bir a\u015f\u0131ya odaklan\u0131yor. Bu bal\u0131\u011f\u0131n yeti\u015ftiricili\u011fine dair endi\u015fe kayna\u011f\u0131 olan tek sorun. gibi g\u00f6r\u00fcn\u00fcyor.<\/p>\n\n\n\n<p>Ara\u015ft\u0131rma zorluklar\u0131 a\u00e7\u0131s\u0131ndan anla\u015fmay\u0131 bozan pek bir \u015fey yok. Ancak maliyetleri d\u00fc\u015f\u00fcrmeye devam etmek ve a\u011f kafesler d\u0131\u015f\u0131ndaki sistemlerde ba\u015far\u0131l\u0131 olabilece\u011fini kan\u0131tlamak i\u00e7in bir f\u0131rsat var.&nbsp;<\/p>\n\n\n\n<p><strong>Kaynak: <\/strong><a href=\"https:\/\/web.archive.org\/web\/20250427202252\/https:\/\/www.aquaculturenorthamerica.com\/science-is-a-strategy\/?utm_source=feedly&#038;utm_medium=rss&#038;utm_campaign=science-is-a-strategy\"><strong>aquaculturenorthamerica.com<\/strong><\/a><\/p>\n","protected":false},"excerpt":{"rendered":"<p>D\u00fcnyada, geleneksel olarak t\u00fcketimini yapmay\u0131 sevdi\u011fimiz t\u00fcrlerin \u00fczerindeki bask\u0131dan halihaz\u0131rda haberdar\u0131z, bunun yan\u0131nda iklim de\u011fi\u015fikli\u011finin bildi\u011fimiz anlamdaki bal\u0131k&#8230;<\/p>\n","protected":false},"author":2,"featured_media":1709,"comment_status":"open","ping_status":"open","sticky":false,"template":"","format":"standard","meta":{"_eb_attr":"","_uag_custom_page_level_css":"","_kad_post_transparent":"","_kad_post_title":"","_kad_post_layout":"","_kad_post_sidebar_id":"","_kad_post_content_style":"","_kad_post_vertical_padding":"","_kad_post_feature":"","_kad_post_feature_position":"","_kad_post_header":false,"_kad_post_footer":false,"footnotes":""},"categories":[36],"tags":[86,145,170],"class_list":["post-1708","post","type-post","status-publish","format-standard","has-post-thumbnail","hentry","category-su-urunleri-yetistiriciligi","tag-balik-yetistiriciligi","tag-morina-yetistiriciligi","tag-siyah-morina"],"featured_image_src":"https:\/\/www.suymerbir.org.tr\/wp-content\/uploads\/2025\/08\/siyah-morina.jpg","author_info":{"display_name":"Kaan Ugrasiz","author_link":"https:\/\/www.suymerbir.org.tr\/en\/author\/travego"},"yoast_head":"<!-- This site is optimized with the Yoast SEO plugin v26.3 - https:\/\/yoast.com\/wordpress\/plugins\/seo\/ -->\n<title>Amerika\u2019da yeni bir t\u00fcr\u00fcn yeti\u015ftiricili\u011finin y\u00fckseli\u015fi: Siyah Morina<\/title>\n<meta name=\"robots\" content=\"index, follow, max-snippet:-1, max-image-preview:large, max-video-preview:-1\" \/>\n<link rel=\"canonical\" href=\"https:\/\/www.suymerbir.org.tr\/en\/amerikada-yeni-bir-turun-yetistiriciliginin-yukselisi-siyah-morina.html\" \/>\n<meta property=\"og:locale\" content=\"en_US\" \/>\n<meta property=\"og:locale:alternate\" content=\"tr_TR\" \/>\n<meta property=\"og:type\" content=\"article\" \/>\n<meta property=\"og:title\" content=\"Amerika\u2019da yeni bir t\u00fcr\u00fcn yeti\u015ftiricili\u011finin y\u00fckseli\u015fi: Siyah Morina\" \/>\n<meta property=\"og:description\" content=\"D\u00fcnyada, geleneksel olarak t\u00fcketimini yapmay\u0131 sevdi\u011fimiz t\u00fcrlerin \u00fczerindeki bask\u0131dan halihaz\u0131rda haberdar\u0131z, bunun yan\u0131nda iklim de\u011fi\u015fikli\u011finin bildi\u011fimiz anlamdaki bal\u0131k...\" \/>\n<meta property=\"og:url\" content=\"https:\/\/www.suymerbir.org.tr\/en\/amerikada-yeni-bir-turun-yetistiriciliginin-yukselisi-siyah-morina.html\" \/>\n<meta property=\"og:site_name\" content=\"SUYMERB\u0130R\" \/>\n<meta property=\"article:published_time\" content=\"2021-08-19T05:53:00+00:00\" \/>\n<meta property=\"article:modified_time\" content=\"2025-08-19T05:56:30+00:00\" \/>\n<meta property=\"og:image\" content=\"https:\/\/www.suymerbir.org.tr\/wp-content\/uploads\/2025\/08\/siyah-morina.jpg\" \/>\n\t<meta property=\"og:image:width\" content=\"1280\" \/>\n\t<meta property=\"og:image:height\" content=\"720\" \/>\n\t<meta property=\"og:image:type\" content=\"image\/jpeg\" \/>\n<meta name=\"author\" content=\"Kaan Ugrasiz\" \/>\n<meta name=\"twitter:card\" content=\"summary_large_image\" \/>\n<meta name=\"twitter:label1\" content=\"Written by\" \/>\n\t<meta name=\"twitter:data1\" content=\"Kaan Ugrasiz\" \/>\n\t<meta name=\"twitter:label2\" content=\"Est. reading time\" \/>\n\t<meta name=\"twitter:data2\" content=\"5 minutes\" \/>\n<script type=\"application\/ld+json\" class=\"yoast-schema-graph\">{\"@context\":\"https:\/\/schema.org\",\"@graph\":[{\"@type\":\"Article\",\"@id\":\"https:\/\/www.suymerbir.org.tr\/amerikada-yeni-bir-turun-yetistiriciliginin-yukselisi-siyah-morina.html#article\",\"isPartOf\":{\"@id\":\"https:\/\/www.suymerbir.org.tr\/amerikada-yeni-bir-turun-yetistiriciliginin-yukselisi-siyah-morina.html\"},\"author\":{\"name\":\"Kaan Ugrasiz\",\"@id\":\"https:\/\/www.suymerbir.org.tr\/#\/schema\/person\/594c47ecf3d918554aa67caf91945196\"},\"headline\":\"Amerika\u2019da yeni bir t\u00fcr\u00fcn yeti\u015ftiricili\u011finin y\u00fckseli\u015fi: Siyah Morina\",\"datePublished\":\"2021-08-19T05:53:00+00:00\",\"dateModified\":\"2025-08-19T05:56:30+00:00\",\"mainEntityOfPage\":{\"@id\":\"https:\/\/www.suymerbir.org.tr\/amerikada-yeni-bir-turun-yetistiriciliginin-yukselisi-siyah-morina.html\"},\"wordCount\":1049,\"commentCount\":0,\"publisher\":{\"@id\":\"https:\/\/www.suymerbir.org.tr\/#organization\"},\"image\":{\"@id\":\"https:\/\/www.suymerbir.org.tr\/amerikada-yeni-bir-turun-yetistiriciliginin-yukselisi-siyah-morina.html#primaryimage\"},\"thumbnailUrl\":\"https:\/\/www.suymerbir.org.tr\/wp-content\/uploads\/2025\/08\/siyah-morina.jpg\",\"keywords\":[\"bal\u0131k yeti\u015ftiricili\u011fi\",\"morina yeti\u015ftiricili\u011fi\",\"siyah morina\"],\"articleSection\":[\"Su \u00fcr\u00fcnleri yeti\u015ftiricili\u011fi\"],\"inLanguage\":\"en-US\",\"potentialAction\":[{\"@type\":\"CommentAction\",\"name\":\"Comment\",\"target\":[\"https:\/\/www.suymerbir.org.tr\/amerikada-yeni-bir-turun-yetistiriciliginin-yukselisi-siyah-morina.html#respond\"]}]},{\"@type\":\"WebPage\",\"@id\":\"https:\/\/www.suymerbir.org.tr\/amerikada-yeni-bir-turun-yetistiriciliginin-yukselisi-siyah-morina.html\",\"url\":\"https:\/\/www.suymerbir.org.tr\/amerikada-yeni-bir-turun-yetistiriciliginin-yukselisi-siyah-morina.html\",\"name\":\"Amerika\u2019da yeni bir t\u00fcr\u00fcn yeti\u015ftiricili\u011finin y\u00fckseli\u015fi: Siyah Morina\",\"isPartOf\":{\"@id\":\"https:\/\/www.suymerbir.org.tr\/#website\"},\"primaryImageOfPage\":{\"@id\":\"https:\/\/www.suymerbir.org.tr\/amerikada-yeni-bir-turun-yetistiriciliginin-yukselisi-siyah-morina.html#primaryimage\"},\"image\":{\"@id\":\"https:\/\/www.suymerbir.org.tr\/amerikada-yeni-bir-turun-yetistiriciliginin-yukselisi-siyah-morina.html#primaryimage\"},\"thumbnailUrl\":\"https:\/\/www.suymerbir.org.tr\/wp-content\/uploads\/2025\/08\/siyah-morina.jpg\",\"datePublished\":\"2021-08-19T05:53:00+00:00\",\"dateModified\":\"2025-08-19T05:56:30+00:00\",\"breadcrumb\":{\"@id\":\"https:\/\/www.suymerbir.org.tr\/amerikada-yeni-bir-turun-yetistiriciliginin-yukselisi-siyah-morina.html#breadcrumb\"},\"inLanguage\":\"en-US\",\"potentialAction\":[{\"@type\":\"ReadAction\",\"target\":[\"https:\/\/www.suymerbir.org.tr\/amerikada-yeni-bir-turun-yetistiriciliginin-yukselisi-siyah-morina.html\"]}]},{\"@type\":\"ImageObject\",\"inLanguage\":\"en-US\",\"@id\":\"https:\/\/www.suymerbir.org.tr\/amerikada-yeni-bir-turun-yetistiriciliginin-yukselisi-siyah-morina.html#primaryimage\",\"url\":\"https:\/\/www.suymerbir.org.tr\/wp-content\/uploads\/2025\/08\/siyah-morina.jpg\",\"contentUrl\":\"https:\/\/www.suymerbir.org.tr\/wp-content\/uploads\/2025\/08\/siyah-morina.jpg\",\"width\":1280,\"height\":720},{\"@type\":\"BreadcrumbList\",\"@id\":\"https:\/\/www.suymerbir.org.tr\/amerikada-yeni-bir-turun-yetistiriciliginin-yukselisi-siyah-morina.html#breadcrumb\",\"itemListElement\":[{\"@type\":\"ListItem\",\"position\":1,\"name\":\"Anasayfa\",\"item\":\"https:\/\/www.suymerbir.org.tr\/\"},{\"@type\":\"ListItem\",\"position\":2,\"name\":\"Amerika\u2019da yeni bir t\u00fcr\u00fcn yeti\u015ftiricili\u011finin y\u00fckseli\u015fi: Siyah Morina\"}]},{\"@type\":\"WebSite\",\"@id\":\"https:\/\/www.suymerbir.org.tr\/#website\",\"url\":\"https:\/\/www.suymerbir.org.tr\/\",\"name\":\"SUYMERB\u0130R\",\"description\":\"\",\"publisher\":{\"@id\":\"https:\/\/www.suymerbir.org.tr\/#organization\"},\"potentialAction\":[{\"@type\":\"SearchAction\",\"target\":{\"@type\":\"EntryPoint\",\"urlTemplate\":\"https:\/\/www.suymerbir.org.tr\/?s={search_term_string}\"},\"query-input\":{\"@type\":\"PropertyValueSpecification\",\"valueRequired\":true,\"valueName\":\"search_term_string\"}}],\"inLanguage\":\"en-US\"},{\"@type\":\"Organization\",\"@id\":\"https:\/\/www.suymerbir.org.tr\/#organization\",\"name\":\"SUYMERB\u0130R\",\"url\":\"https:\/\/www.suymerbir.org.tr\/\",\"logo\":{\"@type\":\"ImageObject\",\"inLanguage\":\"en-US\",\"@id\":\"https:\/\/www.suymerbir.org.tr\/#\/schema\/logo\/image\/\",\"url\":\"https:\/\/www.suymerbir.org.tr\/wp-content\/uploads\/2025\/08\/cropped-suymerbir-logo.png\",\"contentUrl\":\"https:\/\/www.suymerbir.org.tr\/wp-content\/uploads\/2025\/08\/cropped-suymerbir-logo.png\",\"width\":100,\"height\":100,\"caption\":\"SUYMERB\u0130R\"},\"image\":{\"@id\":\"https:\/\/www.suymerbir.org.tr\/#\/schema\/logo\/image\/\"},\"sameAs\":[\"https:\/\/instagram.com\/suymerbir\"]},{\"@type\":\"Person\",\"@id\":\"https:\/\/www.suymerbir.org.tr\/#\/schema\/person\/594c47ecf3d918554aa67caf91945196\",\"name\":\"Kaan Ugrasiz\",\"image\":{\"@type\":\"ImageObject\",\"inLanguage\":\"en-US\",\"@id\":\"https:\/\/www.suymerbir.org.tr\/#\/schema\/person\/image\/\",\"url\":\"https:\/\/secure.gravatar.com\/avatar\/24f426515d43e745fb6bcbd646255d01994809b27e769f410b403e6472eae9df?s=96&d=mm&r=g\",\"contentUrl\":\"https:\/\/secure.gravatar.com\/avatar\/24f426515d43e745fb6bcbd646255d01994809b27e769f410b403e6472eae9df?s=96&d=mm&r=g\",\"caption\":\"Kaan Ugrasiz\"},\"sameAs\":[\"https:\/\/www.kaanugrasiz.com\"],\"url\":\"https:\/\/www.suymerbir.org.tr\/en\/author\/travego\"}]}<\/script>\n<!-- \/ Yoast SEO plugin. -->","yoast_head_json":{"title":"Amerika\u2019da yeni bir t\u00fcr\u00fcn yeti\u015ftiricili\u011finin y\u00fckseli\u015fi: Siyah Morina","robots":{"index":"index","follow":"follow","max-snippet":"max-snippet:-1","max-image-preview":"max-image-preview:large","max-video-preview":"max-video-preview:-1"},"canonical":"https:\/\/www.suymerbir.org.tr\/en\/amerikada-yeni-bir-turun-yetistiriciliginin-yukselisi-siyah-morina.html","og_locale":"en_US","og_type":"article","og_title":"[:tr]Amerika\u2019da yeni bir t\u00fcr\u00fcn yeti\u015ftiricili\u011finin y\u00fckseli\u015fi: Siyah Morina[:] - SUYMERB\u0130R","og_description":"D\u00fcnyada, geleneksel olarak t\u00fcketimini yapmay\u0131 sevdi\u011fimiz t\u00fcrlerin \u00fczerindeki bask\u0131dan halihaz\u0131rda haberdar\u0131z, bunun yan\u0131nda iklim de\u011fi\u015fikli\u011finin bildi\u011fimiz anlamdaki bal\u0131k...","og_url":"https:\/\/www.suymerbir.org.tr\/en\/amerikada-yeni-bir-turun-yetistiriciliginin-yukselisi-siyah-morina.html","og_site_name":"SUYMERB\u0130R","article_published_time":"2021-08-19T05:53:00+00:00","article_modified_time":"2025-08-19T05:56:30+00:00","og_image":[{"width":1280,"height":720,"url":"https:\/\/www.suymerbir.org.tr\/wp-content\/uploads\/2025\/08\/siyah-morina.jpg","type":"image\/jpeg"}],"author":"Kaan Ugrasiz","twitter_card":"summary_large_image","twitter_misc":{"Written by":"Kaan Ugrasiz","Est. reading time":"5 minutes"},"schema":{"@context":"https:\/\/schema.org","@graph":[{"@type":"Article","@id":"https:\/\/www.suymerbir.org.tr\/amerikada-yeni-bir-turun-yetistiriciliginin-yukselisi-siyah-morina.html#article","isPartOf":{"@id":"https:\/\/www.suymerbir.org.tr\/amerikada-yeni-bir-turun-yetistiriciliginin-yukselisi-siyah-morina.html"},"author":{"name":"Kaan Ugrasiz","@id":"https:\/\/www.suymerbir.org.tr\/#\/schema\/person\/594c47ecf3d918554aa67caf91945196"},"headline":"Amerika\u2019da yeni bir t\u00fcr\u00fcn yeti\u015ftiricili\u011finin y\u00fckseli\u015fi: Siyah Morina","datePublished":"2021-08-19T05:53:00+00:00","dateModified":"2025-08-19T05:56:30+00:00","mainEntityOfPage":{"@id":"https:\/\/www.suymerbir.org.tr\/amerikada-yeni-bir-turun-yetistiriciliginin-yukselisi-siyah-morina.html"},"wordCount":1049,"commentCount":0,"publisher":{"@id":"https:\/\/www.suymerbir.org.tr\/#organization"},"image":{"@id":"https:\/\/www.suymerbir.org.tr\/amerikada-yeni-bir-turun-yetistiriciliginin-yukselisi-siyah-morina.html#primaryimage"},"thumbnailUrl":"https:\/\/www.suymerbir.org.tr\/wp-content\/uploads\/2025\/08\/siyah-morina.jpg","keywords":["bal\u0131k yeti\u015ftiricili\u011fi","morina yeti\u015ftiricili\u011fi","siyah morina"],"articleSection":["Su \u00fcr\u00fcnleri yeti\u015ftiricili\u011fi"],"inLanguage":"en-US","potentialAction":[{"@type":"CommentAction","name":"Comment","target":["https:\/\/www.suymerbir.org.tr\/amerikada-yeni-bir-turun-yetistiriciliginin-yukselisi-siyah-morina.html#respond"]}]},{"@type":"WebPage","@id":"https:\/\/www.suymerbir.org.tr\/amerikada-yeni-bir-turun-yetistiriciliginin-yukselisi-siyah-morina.html","url":"https:\/\/www.suymerbir.org.tr\/amerikada-yeni-bir-turun-yetistiriciliginin-yukselisi-siyah-morina.html","name":"Amerika\u2019da yeni bir t\u00fcr\u00fcn yeti\u015ftiricili\u011finin y\u00fckseli\u015fi: Siyah Morina","isPartOf":{"@id":"https:\/\/www.suymerbir.org.tr\/#website"},"primaryImageOfPage":{"@id":"https:\/\/www.suymerbir.org.tr\/amerikada-yeni-bir-turun-yetistiriciliginin-yukselisi-siyah-morina.html#primaryimage"},"image":{"@id":"https:\/\/www.suymerbir.org.tr\/amerikada-yeni-bir-turun-yetistiriciliginin-yukselisi-siyah-morina.html#primaryimage"},"thumbnailUrl":"https:\/\/www.suymerbir.org.tr\/wp-content\/uploads\/2025\/08\/siyah-morina.jpg","datePublished":"2021-08-19T05:53:00+00:00","dateModified":"2025-08-19T05:56:30+00:00","breadcrumb":{"@id":"https:\/\/www.suymerbir.org.tr\/amerikada-yeni-bir-turun-yetistiriciliginin-yukselisi-siyah-morina.html#breadcrumb"},"inLanguage":"en-US","potentialAction":[{"@type":"ReadAction","target":["https:\/\/www.suymerbir.org.tr\/amerikada-yeni-bir-turun-yetistiriciliginin-yukselisi-siyah-morina.html"]}]},{"@type":"ImageObject","inLanguage":"en-US","@id":"https:\/\/www.suymerbir.org.tr\/amerikada-yeni-bir-turun-yetistiriciliginin-yukselisi-siyah-morina.html#primaryimage","url":"https:\/\/www.suymerbir.org.tr\/wp-content\/uploads\/2025\/08\/siyah-morina.jpg","contentUrl":"https:\/\/www.suymerbir.org.tr\/wp-content\/uploads\/2025\/08\/siyah-morina.jpg","width":1280,"height":720},{"@type":"BreadcrumbList","@id":"https:\/\/www.suymerbir.org.tr\/amerikada-yeni-bir-turun-yetistiriciliginin-yukselisi-siyah-morina.html#breadcrumb","itemListElement":[{"@type":"ListItem","position":1,"name":"Anasayfa","item":"https:\/\/www.suymerbir.org.tr\/"},{"@type":"ListItem","position":2,"name":"Amerika\u2019da yeni bir t\u00fcr\u00fcn yeti\u015ftiricili\u011finin y\u00fckseli\u015fi: Siyah Morina"}]},{"@type":"WebSite","@id":"https:\/\/www.suymerbir.org.tr\/#website","url":"https:\/\/www.suymerbir.org.tr\/","name":"SUYMERB\u0130R","description":"","publisher":{"@id":"https:\/\/www.suymerbir.org.tr\/#organization"},"potentialAction":[{"@type":"SearchAction","target":{"@type":"EntryPoint","urlTemplate":"https:\/\/www.suymerbir.org.tr\/?s={search_term_string}"},"query-input":{"@type":"PropertyValueSpecification","valueRequired":true,"valueName":"search_term_string"}}],"inLanguage":"en-US"},{"@type":"Organization","@id":"https:\/\/www.suymerbir.org.tr\/#organization","name":"SUYMERB\u0130R","url":"https:\/\/www.suymerbir.org.tr\/","logo":{"@type":"ImageObject","inLanguage":"en-US","@id":"https:\/\/www.suymerbir.org.tr\/#\/schema\/logo\/image\/","url":"https:\/\/www.suymerbir.org.tr\/wp-content\/uploads\/2025\/08\/cropped-suymerbir-logo.png","contentUrl":"https:\/\/www.suymerbir.org.tr\/wp-content\/uploads\/2025\/08\/cropped-suymerbir-logo.png","width":100,"height":100,"caption":"SUYMERB\u0130R"},"image":{"@id":"https:\/\/www.suymerbir.org.tr\/#\/schema\/logo\/image\/"},"sameAs":["https:\/\/instagram.com\/suymerbir"]},{"@type":"Person","@id":"https:\/\/www.suymerbir.org.tr\/#\/schema\/person\/594c47ecf3d918554aa67caf91945196","name":"Kaan Ugrasiz","image":{"@type":"ImageObject","inLanguage":"en-US","@id":"https:\/\/www.suymerbir.org.tr\/#\/schema\/person\/image\/","url":"https:\/\/secure.gravatar.com\/avatar\/24f426515d43e745fb6bcbd646255d01994809b27e769f410b403e6472eae9df?s=96&d=mm&r=g","contentUrl":"https:\/\/secure.gravatar.com\/avatar\/24f426515d43e745fb6bcbd646255d01994809b27e769f410b403e6472eae9df?s=96&d=mm&r=g","caption":"Kaan Ugrasiz"},"sameAs":["https:\/\/www.kaanugrasiz.com"],"url":"https:\/\/www.suymerbir.org.tr\/en\/author\/travego"}]}},"uagb_featured_image_src":{"full":["https:\/\/www.suymerbir.org.tr\/wp-content\/uploads\/2025\/08\/siyah-morina.jpg",1280,720,false],"thumbnail":["https:\/\/www.suymerbir.org.tr\/wp-content\/uploads\/2025\/08\/siyah-morina-150x150.jpg",150,150,true],"medium":["https:\/\/www.suymerbir.org.tr\/wp-content\/uploads\/2025\/08\/siyah-morina-300x169.jpg",300,169,true],"medium_large":["https:\/\/www.suymerbir.org.tr\/wp-content\/uploads\/2025\/08\/siyah-morina-768x432.jpg",768,432,true],"large":["https:\/\/www.suymerbir.org.tr\/wp-content\/uploads\/2025\/08\/siyah-morina-1024x576.jpg",1024,576,true],"1536x1536":["https:\/\/www.suymerbir.org.tr\/wp-content\/uploads\/2025\/08\/siyah-morina.jpg",1280,720,false],"2048x2048":["https:\/\/www.suymerbir.org.tr\/wp-content\/uploads\/2025\/08\/siyah-morina.jpg",1280,720,false]},"uagb_author_info":{"display_name":"Kaan Ugrasiz","author_link":"https:\/\/www.suymerbir.org.tr\/en\/author\/travego"},"uagb_comment_info":0,"uagb_excerpt":"D\u00fcnyada, geleneksel olarak t\u00fcketimini yapmay\u0131 sevdi\u011fimiz t\u00fcrlerin \u00fczerindeki bask\u0131dan halihaz\u0131rda haberdar\u0131z, bunun yan\u0131nda iklim de\u011fi\u015fikli\u011finin bildi\u011fimiz anlamdaki bal\u0131k...","_links":{"self":[{"href":"https:\/\/www.suymerbir.org.tr\/en\/wp-json\/wp\/v2\/posts\/1708","targetHints":{"allow":["GET"]}}],"collection":[{"href":"https:\/\/www.suymerbir.org.tr\/en\/wp-json\/wp\/v2\/posts"}],"about":[{"href":"https:\/\/www.suymerbir.org.tr\/en\/wp-json\/wp\/v2\/types\/post"}],"author":[{"embeddable":true,"href":"https:\/\/www.suymerbir.org.tr\/en\/wp-json\/wp\/v2\/users\/2"}],"replies":[{"embeddable":true,"href":"https:\/\/www.suymerbir.org.tr\/en\/wp-json\/wp\/v2\/comments?post=1708"}],"version-history":[{"count":1,"href":"https:\/\/www.suymerbir.org.tr\/en\/wp-json\/wp\/v2\/posts\/1708\/revisions"}],"predecessor-version":[{"id":1710,"href":"https:\/\/www.suymerbir.org.tr\/en\/wp-json\/wp\/v2\/posts\/1708\/revisions\/1710"}],"wp:featuredmedia":[{"embeddable":true,"href":"https:\/\/www.suymerbir.org.tr\/en\/wp-json\/wp\/v2\/media\/1709"}],"wp:attachment":[{"href":"https:\/\/www.suymerbir.org.tr\/en\/wp-json\/wp\/v2\/media?parent=1708"}],"wp:term":[{"taxonomy":"category","embeddable":true,"href":"https:\/\/www.suymerbir.org.tr\/en\/wp-json\/wp\/v2\/categories?post=1708"},{"taxonomy":"post_tag","embeddable":true,"href":"https:\/\/www.suymerbir.org.tr\/en\/wp-json\/wp\/v2\/tags?post=1708"}],"curies":[{"name":"wp","href":"https:\/\/api.w.org\/{rel}","templated":true}]}}