{"id":4747,"date":"2018-02-27T11:18:02","date_gmt":"2018-02-27T08:18:02","guid":{"rendered":"http:\/\/suymerbir.org.tr\/?p=4747"},"modified":"2018-02-27T11:18:02","modified_gmt":"2018-02-27T08:18:02","slug":"tarimsal-desteklemelere-iliskin-karar-26-02-2018-tarihinde-resmi-gazetede-yayimlanmistir","status":"publish","type":"post","link":"https:\/\/www.suymerbir.org.tr\/en\/tarimsal-desteklemelere-iliskin-karar-26-02-2018-tarihinde-resmi-gazetede-yayimlanmistir.html","title":{"rendered":"&#8216;Tar\u0131msal Desteklemelere \u0130li\u015fkin Karar&#8217; 26.02.2018 Tarihinde Resmi Gazete&#8217;de Yay\u0131mlanm\u0131\u015ft\u0131r."},"content":{"rendered":"<p>&#8216;2018 Tar\u0131msal Desteklemelere \u0130li\u015fkin Karar&#8217; 26.02.2018 tarihinde Resmi Gazete&#8217;de yay\u0131mlanm\u0131\u015ft\u0131r.<\/p>\n<p>Su \u00fcr\u00fcnleri deste\u011fi \u00e7er\u00e7evesinde alabal\u0131\u011fa kilogram ba\u015f\u0131na miktarlar\u0131na ba\u011fl\u0131 olarak 0,75-0,375 lira aras\u0131nda ,yeni t\u00fcrlere miktar\u0131na ba\u011fl\u0131 olarak 0,5-1 lira aras\u0131nda ve midyeye 0,05-0,025 lira destek sa\u011flanacak.<\/p>\n<p>\u0130yi Tar\u0131m Uygulamalar\u0131 Desteklemesi kapsam\u0131nda alabal\u0131k,\u00e7ipura,levrek i\u00e7in kilogram ba\u015f\u0131 25 kuru\u015f desteklenecek.<\/p>\n<p>[pdf-embedder url=&#8221;http:\/\/suymerbir.org.tr\/wp-content\/uploads\/2018\/02\/20180226-15.pdf&#8221;]<\/p>\n","protected":false},"excerpt":{"rendered":"<p>&#8216;2018 Tar\u0131msal Desteklemelere \u0130li\u015fkin Karar&#8217; 26.02.2018 tarihinde Resmi Gazete&#8217;de yay\u0131mlanm\u0131\u015ft\u0131r. Su \u00fcr\u00fcnleri deste\u011fi \u00e7er\u00e7evesinde alabal\u0131\u011fa kilogram ba\u015f\u0131na miktarlar\u0131na&#8230;<\/p>\n","protected":false},"author":3,"featured_media":4942,"comment_status":"open","ping_status":"open","sticky":false,"template":"","format":"standard","meta":{"_eb_attr":"","_uag_custom_page_level_css":"","_kad_post_transparent":"","_kad_post_title":"","_kad_post_layout":"","_kad_post_sidebar_id":"","_kad_post_content_style":"","_kad_post_vertical_padding":"","_kad_post_feature":"","_kad_post_feature_position":"","_kad_post_header":false,"_kad_post_footer":false,"footnotes":""},"categories":[43],"tags":[],"class_list":["post-4747","post","type-post","status-publish","format-standard","has-post-thumbnail","hentry","category-duyurular"],"featured_image_src":null,"author_info":{"display_name":"Su \u00dcr\u00fcnleri Yeti\u015ftiricileri \u00dcretici Merkez Birli\u011fi","author_link":"https:\/\/www.suymerbir.org.tr\/en\/author\/suymerbir"},"yoast_head":"<!-- This site is optimized with the Yoast SEO plugin v26.3 - https:\/\/yoast.com\/wordpress\/plugins\/seo\/ -->\n<title>&#039;Tar\u0131msal Desteklemelere \u0130li\u015fkin Karar&#039; 26.02.2018 Tarihinde Resmi Gazete&#039;de Yay\u0131mlanm\u0131\u015ft\u0131r.<\/title>\n<meta name=\"robots\" content=\"index, follow, max-snippet:-1, max-image-preview:large, max-video-preview:-1\" \/>\n<link rel=\"canonical\" href=\"https:\/\/www.suymerbir.org.tr\/en\/tarimsal-desteklemelere-iliskin-karar-26-02-2018-tarihinde-resmi-gazetede-yayimlanmistir.html\" \/>\n<meta property=\"og:locale\" content=\"en_US\" \/>\n<meta property=\"og:locale:alternate\" content=\"tr_TR\" \/>\n<meta property=\"og:type\" content=\"article\" \/>\n<meta property=\"og:title\" content=\"&#039;Tar\u0131msal Desteklemelere \u0130li\u015fkin Karar&#039; 26.02.2018 Tarihinde Resmi Gazete&#039;de Yay\u0131mlanm\u0131\u015ft\u0131r.\" \/>\n<meta property=\"og:description\" content=\"&#8216;2018 Tar\u0131msal Desteklemelere \u0130li\u015fkin Karar&#8217; 26.02.2018 tarihinde Resmi Gazete&#8217;de yay\u0131mlanm\u0131\u015ft\u0131r. Su \u00fcr\u00fcnleri deste\u011fi \u00e7er\u00e7evesinde alabal\u0131\u011fa kilogram ba\u015f\u0131na miktarlar\u0131na...\" \/>\n<meta property=\"og:url\" content=\"https:\/\/www.suymerbir.org.tr\/en\/tarimsal-desteklemelere-iliskin-karar-26-02-2018-tarihinde-resmi-gazetede-yayimlanmistir.html\" \/>\n<meta property=\"og:site_name\" content=\"SUYMERB\u0130R\" \/>\n<meta property=\"article:published_time\" content=\"2018-02-27T08:18:02+00:00\" \/>\n<meta name=\"author\" content=\"Su \u00dcr\u00fcnleri Yeti\u015ftiricileri \u00dcretici Merkez Birli\u011fi\" \/>\n<meta name=\"twitter:card\" content=\"summary_large_image\" \/>\n<meta name=\"twitter:label1\" content=\"Written by\" \/>\n\t<meta name=\"twitter:data1\" content=\"Su \u00dcr\u00fcnleri Yeti\u015ftiricileri \u00dcretici Merkez Birli\u011fi\" \/>\n<script type=\"application\/ld+json\" class=\"yoast-schema-graph\">{\"@context\":\"https:\/\/schema.org\",\"@graph\":[{\"@type\":\"Article\",\"@id\":\"https:\/\/www.suymerbir.org.tr\/tarimsal-desteklemelere-iliskin-karar-26-02-2018-tarihinde-resmi-gazetede-yayimlanmistir.html#article\",\"isPartOf\":{\"@id\":\"https:\/\/www.suymerbir.org.tr\/tarimsal-desteklemelere-iliskin-karar-26-02-2018-tarihinde-resmi-gazetede-yayimlanmistir.html\"},\"author\":{\"name\":\"Su \u00dcr\u00fcnleri Yeti\u015ftiricileri \u00dcretici Merkez Birli\u011fi\",\"@id\":\"https:\/\/www.suymerbir.org.tr\/#\/schema\/person\/9f23d6d6a1da31c4b177b3ce5d7056a0\"},\"headline\":\"&#8216;Tar\u0131msal Desteklemelere \u0130li\u015fkin Karar&#8217; 26.02.2018 Tarihinde Resmi Gazete&#8217;de Yay\u0131mlanm\u0131\u015ft\u0131r.\",\"datePublished\":\"2018-02-27T08:18:02+00:00\",\"mainEntityOfPage\":{\"@id\":\"https:\/\/www.suymerbir.org.tr\/tarimsal-desteklemelere-iliskin-karar-26-02-2018-tarihinde-resmi-gazetede-yayimlanmistir.html\"},\"wordCount\":97,\"commentCount\":0,\"publisher\":{\"@id\":\"https:\/\/www.suymerbir.org.tr\/#organization\"},\"image\":{\"@id\":\"https:\/\/www.suymerbir.org.tr\/tarimsal-desteklemelere-iliskin-karar-26-02-2018-tarihinde-resmi-gazetede-yayimlanmistir.html#primaryimage\"},\"thumbnailUrl\":\"\",\"articleSection\":[\"Duyurular\"],\"inLanguage\":\"en-US\",\"potentialAction\":[{\"@type\":\"CommentAction\",\"name\":\"Comment\",\"target\":[\"https:\/\/www.suymerbir.org.tr\/tarimsal-desteklemelere-iliskin-karar-26-02-2018-tarihinde-resmi-gazetede-yayimlanmistir.html#respond\"]}]},{\"@type\":\"WebPage\",\"@id\":\"https:\/\/www.suymerbir.org.tr\/tarimsal-desteklemelere-iliskin-karar-26-02-2018-tarihinde-resmi-gazetede-yayimlanmistir.html\",\"url\":\"https:\/\/www.suymerbir.org.tr\/tarimsal-desteklemelere-iliskin-karar-26-02-2018-tarihinde-resmi-gazetede-yayimlanmistir.html\",\"name\":\"'Tar\u0131msal Desteklemelere \u0130li\u015fkin Karar' 26.02.2018 Tarihinde Resmi Gazete'de Yay\u0131mlanm\u0131\u015ft\u0131r.\",\"isPartOf\":{\"@id\":\"https:\/\/www.suymerbir.org.tr\/#website\"},\"primaryImageOfPage\":{\"@id\":\"https:\/\/www.suymerbir.org.tr\/tarimsal-desteklemelere-iliskin-karar-26-02-2018-tarihinde-resmi-gazetede-yayimlanmistir.html#primaryimage\"},\"image\":{\"@id\":\"https:\/\/www.suymerbir.org.tr\/tarimsal-desteklemelere-iliskin-karar-26-02-2018-tarihinde-resmi-gazetede-yayimlanmistir.html#primaryimage\"},\"thumbnailUrl\":\"\",\"datePublished\":\"2018-02-27T08:18:02+00:00\",\"breadcrumb\":{\"@id\":\"https:\/\/www.suymerbir.org.tr\/tarimsal-desteklemelere-iliskin-karar-26-02-2018-tarihinde-resmi-gazetede-yayimlanmistir.html#breadcrumb\"},\"inLanguage\":\"en-US\",\"potentialAction\":[{\"@type\":\"ReadAction\",\"target\":[\"https:\/\/www.suymerbir.org.tr\/tarimsal-desteklemelere-iliskin-karar-26-02-2018-tarihinde-resmi-gazetede-yayimlanmistir.html\"]}]},{\"@type\":\"ImageObject\",\"inLanguage\":\"en-US\",\"@id\":\"https:\/\/www.suymerbir.org.tr\/tarimsal-desteklemelere-iliskin-karar-26-02-2018-tarihinde-resmi-gazetede-yayimlanmistir.html#primaryimage\",\"url\":\"\",\"contentUrl\":\"\"},{\"@type\":\"BreadcrumbList\",\"@id\":\"https:\/\/www.suymerbir.org.tr\/tarimsal-desteklemelere-iliskin-karar-26-02-2018-tarihinde-resmi-gazetede-yayimlanmistir.html#breadcrumb\",\"itemListElement\":[{\"@type\":\"ListItem\",\"position\":1,\"name\":\"Anasayfa\",\"item\":\"https:\/\/www.suymerbir.org.tr\/\"},{\"@type\":\"ListItem\",\"position\":2,\"name\":\"&#8216;Tar\u0131msal Desteklemelere \u0130li\u015fkin Karar&#8217; 26.02.2018 Tarihinde Resmi Gazete&#8217;de Yay\u0131mlanm\u0131\u015ft\u0131r.\"}]},{\"@type\":\"WebSite\",\"@id\":\"https:\/\/www.suymerbir.org.tr\/#website\",\"url\":\"https:\/\/www.suymerbir.org.tr\/\",\"name\":\"SUYMERB\u0130R\",\"description\":\"\",\"publisher\":{\"@id\":\"https:\/\/www.suymerbir.org.tr\/#organization\"},\"potentialAction\":[{\"@type\":\"SearchAction\",\"target\":{\"@type\":\"EntryPoint\",\"urlTemplate\":\"https:\/\/www.suymerbir.org.tr\/?s={search_term_string}\"},\"query-input\":{\"@type\":\"PropertyValueSpecification\",\"valueRequired\":true,\"valueName\":\"search_term_string\"}}],\"inLanguage\":\"en-US\"},{\"@type\":\"Organization\",\"@id\":\"https:\/\/www.suymerbir.org.tr\/#organization\",\"name\":\"SUYMERB\u0130R\",\"url\":\"https:\/\/www.suymerbir.org.tr\/\",\"logo\":{\"@type\":\"ImageObject\",\"inLanguage\":\"en-US\",\"@id\":\"https:\/\/www.suymerbir.org.tr\/#\/schema\/logo\/image\/\",\"url\":\"https:\/\/www.suymerbir.org.tr\/wp-content\/uploads\/2025\/08\/cropped-suymerbir-logo.png\",\"contentUrl\":\"https:\/\/www.suymerbir.org.tr\/wp-content\/uploads\/2025\/08\/cropped-suymerbir-logo.png\",\"width\":100,\"height\":100,\"caption\":\"SUYMERB\u0130R\"},\"image\":{\"@id\":\"https:\/\/www.suymerbir.org.tr\/#\/schema\/logo\/image\/\"},\"sameAs\":[\"https:\/\/instagram.com\/suymerbir\"]},{\"@type\":\"Person\",\"@id\":\"https:\/\/www.suymerbir.org.tr\/#\/schema\/person\/9f23d6d6a1da31c4b177b3ce5d7056a0\",\"name\":\"Su \u00dcr\u00fcnleri Yeti\u015ftiricileri \u00dcretici Merkez Birli\u011fi\",\"image\":{\"@type\":\"ImageObject\",\"inLanguage\":\"en-US\",\"@id\":\"https:\/\/www.suymerbir.org.tr\/#\/schema\/person\/image\/\",\"url\":\"https:\/\/secure.gravatar.com\/avatar\/ed546e79828bd9c38a64b553ced4a5f60311ccca9f0dbca7709b1034c27d3d79?s=96&d=mm&r=g\",\"contentUrl\":\"https:\/\/secure.gravatar.com\/avatar\/ed546e79828bd9c38a64b553ced4a5f60311ccca9f0dbca7709b1034c27d3d79?s=96&d=mm&r=g\",\"caption\":\"Su \u00dcr\u00fcnleri Yeti\u015ftiricileri \u00dcretici Merkez Birli\u011fi\"},\"sameAs\":[\"https:\/\/www.suymerbir.org.tr\"],\"url\":\"https:\/\/www.suymerbir.org.tr\/en\/author\/suymerbir\"}]}<\/script>\n<!-- \/ Yoast SEO plugin. -->","yoast_head_json":{"title":"'Tar\u0131msal Desteklemelere \u0130li\u015fkin Karar' 26.02.2018 Tarihinde Resmi Gazete'de Yay\u0131mlanm\u0131\u015ft\u0131r.","robots":{"index":"index","follow":"follow","max-snippet":"max-snippet:-1","max-image-preview":"max-image-preview:large","max-video-preview":"max-video-preview:-1"},"canonical":"https:\/\/www.suymerbir.org.tr\/en\/tarimsal-desteklemelere-iliskin-karar-26-02-2018-tarihinde-resmi-gazetede-yayimlanmistir.html","og_locale":"en_US","og_type":"article","og_title":"[:tr]'Tar\u0131msal Desteklemelere \u0130li\u015fkin Karar' 26.02.2018 Tarihinde Resmi Gazete'de Yay\u0131mlanm\u0131\u015ft\u0131r.[:] - SUYMERB\u0130R","og_description":"&#8216;2018 Tar\u0131msal Desteklemelere \u0130li\u015fkin Karar&#8217; 26.02.2018 tarihinde Resmi Gazete&#8217;de yay\u0131mlanm\u0131\u015ft\u0131r. Su \u00fcr\u00fcnleri deste\u011fi \u00e7er\u00e7evesinde alabal\u0131\u011fa kilogram ba\u015f\u0131na miktarlar\u0131na...","og_url":"https:\/\/www.suymerbir.org.tr\/en\/tarimsal-desteklemelere-iliskin-karar-26-02-2018-tarihinde-resmi-gazetede-yayimlanmistir.html","og_site_name":"SUYMERB\u0130R","article_published_time":"2018-02-27T08:18:02+00:00","author":"Su \u00dcr\u00fcnleri Yeti\u015ftiricileri \u00dcretici Merkez Birli\u011fi","twitter_card":"summary_large_image","twitter_misc":{"Written by":"Su \u00dcr\u00fcnleri Yeti\u015ftiricileri \u00dcretici Merkez Birli\u011fi"},"schema":{"@context":"https:\/\/schema.org","@graph":[{"@type":"Article","@id":"https:\/\/www.suymerbir.org.tr\/tarimsal-desteklemelere-iliskin-karar-26-02-2018-tarihinde-resmi-gazetede-yayimlanmistir.html#article","isPartOf":{"@id":"https:\/\/www.suymerbir.org.tr\/tarimsal-desteklemelere-iliskin-karar-26-02-2018-tarihinde-resmi-gazetede-yayimlanmistir.html"},"author":{"name":"Su \u00dcr\u00fcnleri Yeti\u015ftiricileri \u00dcretici Merkez Birli\u011fi","@id":"https:\/\/www.suymerbir.org.tr\/#\/schema\/person\/9f23d6d6a1da31c4b177b3ce5d7056a0"},"headline":"&#8216;Tar\u0131msal Desteklemelere \u0130li\u015fkin Karar&#8217; 26.02.2018 Tarihinde Resmi Gazete&#8217;de Yay\u0131mlanm\u0131\u015ft\u0131r.","datePublished":"2018-02-27T08:18:02+00:00","mainEntityOfPage":{"@id":"https:\/\/www.suymerbir.org.tr\/tarimsal-desteklemelere-iliskin-karar-26-02-2018-tarihinde-resmi-gazetede-yayimlanmistir.html"},"wordCount":97,"commentCount":0,"publisher":{"@id":"https:\/\/www.suymerbir.org.tr\/#organization"},"image":{"@id":"https:\/\/www.suymerbir.org.tr\/tarimsal-desteklemelere-iliskin-karar-26-02-2018-tarihinde-resmi-gazetede-yayimlanmistir.html#primaryimage"},"thumbnailUrl":"","articleSection":["Duyurular"],"inLanguage":"en-US","potentialAction":[{"@type":"CommentAction","name":"Comment","target":["https:\/\/www.suymerbir.org.tr\/tarimsal-desteklemelere-iliskin-karar-26-02-2018-tarihinde-resmi-gazetede-yayimlanmistir.html#respond"]}]},{"@type":"WebPage","@id":"https:\/\/www.suymerbir.org.tr\/tarimsal-desteklemelere-iliskin-karar-26-02-2018-tarihinde-resmi-gazetede-yayimlanmistir.html","url":"https:\/\/www.suymerbir.org.tr\/tarimsal-desteklemelere-iliskin-karar-26-02-2018-tarihinde-resmi-gazetede-yayimlanmistir.html","name":"'Tar\u0131msal Desteklemelere \u0130li\u015fkin Karar' 26.02.2018 Tarihinde Resmi Gazete'de Yay\u0131mlanm\u0131\u015ft\u0131r.","isPartOf":{"@id":"https:\/\/www.suymerbir.org.tr\/#website"},"primaryImageOfPage":{"@id":"https:\/\/www.suymerbir.org.tr\/tarimsal-desteklemelere-iliskin-karar-26-02-2018-tarihinde-resmi-gazetede-yayimlanmistir.html#primaryimage"},"image":{"@id":"https:\/\/www.suymerbir.org.tr\/tarimsal-desteklemelere-iliskin-karar-26-02-2018-tarihinde-resmi-gazetede-yayimlanmistir.html#primaryimage"},"thumbnailUrl":"","datePublished":"2018-02-27T08:18:02+00:00","breadcrumb":{"@id":"https:\/\/www.suymerbir.org.tr\/tarimsal-desteklemelere-iliskin-karar-26-02-2018-tarihinde-resmi-gazetede-yayimlanmistir.html#breadcrumb"},"inLanguage":"en-US","potentialAction":[{"@type":"ReadAction","target":["https:\/\/www.suymerbir.org.tr\/tarimsal-desteklemelere-iliskin-karar-26-02-2018-tarihinde-resmi-gazetede-yayimlanmistir.html"]}]},{"@type":"ImageObject","inLanguage":"en-US","@id":"https:\/\/www.suymerbir.org.tr\/tarimsal-desteklemelere-iliskin-karar-26-02-2018-tarihinde-resmi-gazetede-yayimlanmistir.html#primaryimage","url":"","contentUrl":""},{"@type":"BreadcrumbList","@id":"https:\/\/www.suymerbir.org.tr\/tarimsal-desteklemelere-iliskin-karar-26-02-2018-tarihinde-resmi-gazetede-yayimlanmistir.html#breadcrumb","itemListElement":[{"@type":"ListItem","position":1,"name":"Anasayfa","item":"https:\/\/www.suymerbir.org.tr\/"},{"@type":"ListItem","position":2,"name":"&#8216;Tar\u0131msal Desteklemelere \u0130li\u015fkin Karar&#8217; 26.02.2018 Tarihinde Resmi Gazete&#8217;de Yay\u0131mlanm\u0131\u015ft\u0131r."}]},{"@type":"WebSite","@id":"https:\/\/www.suymerbir.org.tr\/#website","url":"https:\/\/www.suymerbir.org.tr\/","name":"SUYMERB\u0130R","description":"","publisher":{"@id":"https:\/\/www.suymerbir.org.tr\/#organization"},"potentialAction":[{"@type":"SearchAction","target":{"@type":"EntryPoint","urlTemplate":"https:\/\/www.suymerbir.org.tr\/?s={search_term_string}"},"query-input":{"@type":"PropertyValueSpecification","valueRequired":true,"valueName":"search_term_string"}}],"inLanguage":"en-US"},{"@type":"Organization","@id":"https:\/\/www.suymerbir.org.tr\/#organization","name":"SUYMERB\u0130R","url":"https:\/\/www.suymerbir.org.tr\/","logo":{"@type":"ImageObject","inLanguage":"en-US","@id":"https:\/\/www.suymerbir.org.tr\/#\/schema\/logo\/image\/","url":"https:\/\/www.suymerbir.org.tr\/wp-content\/uploads\/2025\/08\/cropped-suymerbir-logo.png","contentUrl":"https:\/\/www.suymerbir.org.tr\/wp-content\/uploads\/2025\/08\/cropped-suymerbir-logo.png","width":100,"height":100,"caption":"SUYMERB\u0130R"},"image":{"@id":"https:\/\/www.suymerbir.org.tr\/#\/schema\/logo\/image\/"},"sameAs":["https:\/\/instagram.com\/suymerbir"]},{"@type":"Person","@id":"https:\/\/www.suymerbir.org.tr\/#\/schema\/person\/9f23d6d6a1da31c4b177b3ce5d7056a0","name":"Su \u00dcr\u00fcnleri Yeti\u015ftiricileri \u00dcretici Merkez Birli\u011fi","image":{"@type":"ImageObject","inLanguage":"en-US","@id":"https:\/\/www.suymerbir.org.tr\/#\/schema\/person\/image\/","url":"https:\/\/secure.gravatar.com\/avatar\/ed546e79828bd9c38a64b553ced4a5f60311ccca9f0dbca7709b1034c27d3d79?s=96&d=mm&r=g","contentUrl":"https:\/\/secure.gravatar.com\/avatar\/ed546e79828bd9c38a64b553ced4a5f60311ccca9f0dbca7709b1034c27d3d79?s=96&d=mm&r=g","caption":"Su \u00dcr\u00fcnleri Yeti\u015ftiricileri \u00dcretici Merkez Birli\u011fi"},"sameAs":["https:\/\/www.suymerbir.org.tr"],"url":"https:\/\/www.suymerbir.org.tr\/en\/author\/suymerbir"}]}},"uagb_featured_image_src":{"full":false,"thumbnail":false,"medium":false,"medium_large":false,"large":false,"1536x1536":false,"2048x2048":false},"uagb_author_info":{"display_name":"Su \u00dcr\u00fcnleri Yeti\u015ftiricileri \u00dcretici Merkez Birli\u011fi","author_link":"https:\/\/www.suymerbir.org.tr\/en\/author\/suymerbir"},"uagb_comment_info":0,"uagb_excerpt":"&#8216;2018 Tar\u0131msal Desteklemelere \u0130li\u015fkin Karar&#8217; 26.02.2018 tarihinde Resmi Gazete&#8217;de yay\u0131mlanm\u0131\u015ft\u0131r. Su \u00fcr\u00fcnleri deste\u011fi \u00e7er\u00e7evesinde alabal\u0131\u011fa kilogram ba\u015f\u0131na miktarlar\u0131na...","_links":{"self":[{"href":"https:\/\/www.suymerbir.org.tr\/en\/wp-json\/wp\/v2\/posts\/4747","targetHints":{"allow":["GET"]}}],"collection":[{"href":"https:\/\/www.suymerbir.org.tr\/en\/wp-json\/wp\/v2\/posts"}],"about":[{"href":"https:\/\/www.suymerbir.org.tr\/en\/wp-json\/wp\/v2\/types\/post"}],"author":[{"embeddable":true,"href":"https:\/\/www.suymerbir.org.tr\/en\/wp-json\/wp\/v2\/users\/3"}],"replies":[{"embeddable":true,"href":"https:\/\/www.suymerbir.org.tr\/en\/wp-json\/wp\/v2\/comments?post=4747"}],"version-history":[{"count":0,"href":"https:\/\/www.suymerbir.org.tr\/en\/wp-json\/wp\/v2\/posts\/4747\/revisions"}],"wp:featuredmedia":[{"embeddable":true,"href":"https:\/\/www.suymerbir.org.tr\/en\/wp-json\/"}],"wp:attachment":[{"href":"https:\/\/www.suymerbir.org.tr\/en\/wp-json\/wp\/v2\/media?parent=4747"}],"wp:term":[{"taxonomy":"category","embeddable":true,"href":"https:\/\/www.suymerbir.org.tr\/en\/wp-json\/wp\/v2\/categories?post=4747"},{"taxonomy":"post_tag","embeddable":true,"href":"https:\/\/www.suymerbir.org.tr\/en\/wp-json\/wp\/v2\/tags?post=4747"}],"curies":[{"name":"wp","href":"https:\/\/api.w.org\/{rel}","templated":true}]}}