{"id":743,"date":"2012-11-06T16:59:21","date_gmt":"2012-11-06T16:59:21","guid":{"rendered":"http:\/\/5.2.87.108\/~suybircom\/?p=743"},"modified":"2012-11-06T16:59:21","modified_gmt":"2012-11-06T16:59:21","slug":"2012-yili-dusuk-faizli-kredi-kararnamesi-yayimlandi","status":"publish","type":"post","link":"https:\/\/www.suymerbir.org.tr\/en\/2012-yili-dusuk-faizli-kredi-kararnamesi-yayimlandi.html","title":{"rendered":"2012 YILI D\u00dc\u015e\u00dcK FA\u0130ZL\u0130 KRED\u0130 KARARNAMES\u0130 YAYIMLANDI"},"content":{"rendered":"<p><span style=\"color: #3b3a26; font-family: verdana, sans-serif; font-size: 13px;\">22 \u015eubat 2012 tarihli 28212 say\u0131l\u0131 Resmi Gazetede yay\u0131mlanan 2012\/2781 say\u0131l\u0131 kararname \u00e7er\u00e7evesinde, Su \u00dcr\u00fcnleri Yeti\u015ftiricili\u011fine % 50 indirimli yat\u0131r\u0131m ve % 25 indirimli i\u015fletme kredisi kulland\u0131r\u0131lacakt\u0131r.Bilindi\u011fi \u00fczere 2011 y\u0131l\u0131nda hem yat\u0131r\u0131m hem i\u015fletme kredisi % 50 indirimli idi.Ge\u00e7en y\u0131l 1,5 milyon TL olan \u00fcst limit ise 3 milyon TL&#8217;ye \u00e7\u0131kar\u0131lm\u0131\u015ft\u0131r.<\/span><\/p>\n","protected":false},"excerpt":{"rendered":"<p>22 \u015eubat 2012 tarihli 28212 say\u0131l\u0131 Resmi Gazetede yay\u0131mlanan 2012\/2781 say\u0131l\u0131 kararname \u00e7er\u00e7evesinde, Su \u00dcr\u00fcnleri Yeti\u015ftiricili\u011fine % 50&#8230;<\/p>\n","protected":false},"author":3,"featured_media":5992,"comment_status":"closed","ping_status":"open","sticky":false,"template":"","format":"standard","meta":{"_eb_attr":"","_uag_custom_page_level_css":"","_kad_post_transparent":"","_kad_post_title":"","_kad_post_layout":"","_kad_post_sidebar_id":"","_kad_post_content_style":"","_kad_post_vertical_padding":"","_kad_post_feature":"","_kad_post_feature_position":"","_kad_post_header":false,"_kad_post_footer":false,"footnotes":""},"categories":[43],"tags":[],"class_list":["post-743","post","type-post","status-publish","format-standard","has-post-thumbnail","hentry","category-duyurular"],"featured_image_src":null,"author_info":{"display_name":"Su \u00dcr\u00fcnleri Yeti\u015ftiricileri \u00dcretici Merkez Birli\u011fi","author_link":"https:\/\/www.suymerbir.org.tr\/en\/author\/suymerbir"},"yoast_head":"<!-- This site is optimized with the Yoast SEO plugin v26.3 - https:\/\/yoast.com\/wordpress\/plugins\/seo\/ -->\n<title>2012 YILI D\u00dc\u015e\u00dcK FA\u0130ZL\u0130 KRED\u0130 KARARNAMES\u0130 YAYIMLANDI<\/title>\n<meta name=\"robots\" content=\"index, follow, max-snippet:-1, max-image-preview:large, max-video-preview:-1\" \/>\n<link rel=\"canonical\" href=\"https:\/\/www.suymerbir.org.tr\/en\/2012-yili-dusuk-faizli-kredi-kararnamesi-yayimlandi.html\" \/>\n<meta property=\"og:locale\" content=\"en_US\" \/>\n<meta property=\"og:locale:alternate\" content=\"tr_TR\" \/>\n<meta property=\"og:type\" content=\"article\" \/>\n<meta property=\"og:title\" content=\"2012 YILI D\u00dc\u015e\u00dcK FA\u0130ZL\u0130 KRED\u0130 KARARNAMES\u0130 YAYIMLANDI\" \/>\n<meta property=\"og:description\" content=\"22 \u015eubat 2012 tarihli 28212 say\u0131l\u0131 Resmi Gazetede yay\u0131mlanan 2012\/2781 say\u0131l\u0131 kararname \u00e7er\u00e7evesinde, Su \u00dcr\u00fcnleri Yeti\u015ftiricili\u011fine % 50...\" \/>\n<meta property=\"og:url\" content=\"https:\/\/www.suymerbir.org.tr\/en\/2012-yili-dusuk-faizli-kredi-kararnamesi-yayimlandi.html\" \/>\n<meta property=\"og:site_name\" content=\"SUYMERB\u0130R\" \/>\n<meta property=\"article:published_time\" content=\"2012-11-06T16:59:21+00:00\" \/>\n<meta name=\"author\" content=\"Su \u00dcr\u00fcnleri Yeti\u015ftiricileri \u00dcretici Merkez Birli\u011fi\" \/>\n<meta name=\"twitter:card\" content=\"summary_large_image\" \/>\n<meta name=\"twitter:label1\" content=\"Written by\" \/>\n\t<meta name=\"twitter:data1\" content=\"Su \u00dcr\u00fcnleri Yeti\u015ftiricileri \u00dcretici Merkez Birli\u011fi\" \/>\n<script type=\"application\/ld+json\" class=\"yoast-schema-graph\">{\"@context\":\"https:\/\/schema.org\",\"@graph\":[{\"@type\":\"Article\",\"@id\":\"https:\/\/www.suymerbir.org.tr\/2012-yili-dusuk-faizli-kredi-kararnamesi-yayimlandi.html#article\",\"isPartOf\":{\"@id\":\"https:\/\/www.suymerbir.org.tr\/2012-yili-dusuk-faizli-kredi-kararnamesi-yayimlandi.html\"},\"author\":{\"name\":\"Su \u00dcr\u00fcnleri Yeti\u015ftiricileri \u00dcretici Merkez Birli\u011fi\",\"@id\":\"https:\/\/www.suymerbir.org.tr\/#\/schema\/person\/9f23d6d6a1da31c4b177b3ce5d7056a0\"},\"headline\":\"2012 YILI D\u00dc\u015e\u00dcK FA\u0130ZL\u0130 KRED\u0130 KARARNAMES\u0130 YAYIMLANDI\",\"datePublished\":\"2012-11-06T16:59:21+00:00\",\"mainEntityOfPage\":{\"@id\":\"https:\/\/www.suymerbir.org.tr\/2012-yili-dusuk-faizli-kredi-kararnamesi-yayimlandi.html\"},\"wordCount\":75,\"publisher\":{\"@id\":\"https:\/\/www.suymerbir.org.tr\/#organization\"},\"image\":{\"@id\":\"https:\/\/www.suymerbir.org.tr\/2012-yili-dusuk-faizli-kredi-kararnamesi-yayimlandi.html#primaryimage\"},\"thumbnailUrl\":\"\",\"articleSection\":[\"Duyurular\"],\"inLanguage\":\"en-US\"},{\"@type\":\"WebPage\",\"@id\":\"https:\/\/www.suymerbir.org.tr\/2012-yili-dusuk-faizli-kredi-kararnamesi-yayimlandi.html\",\"url\":\"https:\/\/www.suymerbir.org.tr\/2012-yili-dusuk-faizli-kredi-kararnamesi-yayimlandi.html\",\"name\":\"2012 YILI D\u00dc\u015e\u00dcK FA\u0130ZL\u0130 KRED\u0130 KARARNAMES\u0130 YAYIMLANDI\",\"isPartOf\":{\"@id\":\"https:\/\/www.suymerbir.org.tr\/#website\"},\"primaryImageOfPage\":{\"@id\":\"https:\/\/www.suymerbir.org.tr\/2012-yili-dusuk-faizli-kredi-kararnamesi-yayimlandi.html#primaryimage\"},\"image\":{\"@id\":\"https:\/\/www.suymerbir.org.tr\/2012-yili-dusuk-faizli-kredi-kararnamesi-yayimlandi.html#primaryimage\"},\"thumbnailUrl\":\"\",\"datePublished\":\"2012-11-06T16:59:21+00:00\",\"breadcrumb\":{\"@id\":\"https:\/\/www.suymerbir.org.tr\/2012-yili-dusuk-faizli-kredi-kararnamesi-yayimlandi.html#breadcrumb\"},\"inLanguage\":\"en-US\",\"potentialAction\":[{\"@type\":\"ReadAction\",\"target\":[\"https:\/\/www.suymerbir.org.tr\/2012-yili-dusuk-faizli-kredi-kararnamesi-yayimlandi.html\"]}]},{\"@type\":\"ImageObject\",\"inLanguage\":\"en-US\",\"@id\":\"https:\/\/www.suymerbir.org.tr\/2012-yili-dusuk-faizli-kredi-kararnamesi-yayimlandi.html#primaryimage\",\"url\":\"\",\"contentUrl\":\"\"},{\"@type\":\"BreadcrumbList\",\"@id\":\"https:\/\/www.suymerbir.org.tr\/2012-yili-dusuk-faizli-kredi-kararnamesi-yayimlandi.html#breadcrumb\",\"itemListElement\":[{\"@type\":\"ListItem\",\"position\":1,\"name\":\"Anasayfa\",\"item\":\"https:\/\/www.suymerbir.org.tr\/\"},{\"@type\":\"ListItem\",\"position\":2,\"name\":\"2012 YILI D\u00dc\u015e\u00dcK FA\u0130ZL\u0130 KRED\u0130 KARARNAMES\u0130 YAYIMLANDI\"}]},{\"@type\":\"WebSite\",\"@id\":\"https:\/\/www.suymerbir.org.tr\/#website\",\"url\":\"https:\/\/www.suymerbir.org.tr\/\",\"name\":\"SUYMERB\u0130R\",\"description\":\"\",\"publisher\":{\"@id\":\"https:\/\/www.suymerbir.org.tr\/#organization\"},\"potentialAction\":[{\"@type\":\"SearchAction\",\"target\":{\"@type\":\"EntryPoint\",\"urlTemplate\":\"https:\/\/www.suymerbir.org.tr\/?s={search_term_string}\"},\"query-input\":{\"@type\":\"PropertyValueSpecification\",\"valueRequired\":true,\"valueName\":\"search_term_string\"}}],\"inLanguage\":\"en-US\"},{\"@type\":\"Organization\",\"@id\":\"https:\/\/www.suymerbir.org.tr\/#organization\",\"name\":\"SUYMERB\u0130R\",\"url\":\"https:\/\/www.suymerbir.org.tr\/\",\"logo\":{\"@type\":\"ImageObject\",\"inLanguage\":\"en-US\",\"@id\":\"https:\/\/www.suymerbir.org.tr\/#\/schema\/logo\/image\/\",\"url\":\"https:\/\/www.suymerbir.org.tr\/wp-content\/uploads\/2025\/08\/cropped-suymerbir-logo.png\",\"contentUrl\":\"https:\/\/www.suymerbir.org.tr\/wp-content\/uploads\/2025\/08\/cropped-suymerbir-logo.png\",\"width\":100,\"height\":100,\"caption\":\"SUYMERB\u0130R\"},\"image\":{\"@id\":\"https:\/\/www.suymerbir.org.tr\/#\/schema\/logo\/image\/\"},\"sameAs\":[\"https:\/\/instagram.com\/suymerbir\"]},{\"@type\":\"Person\",\"@id\":\"https:\/\/www.suymerbir.org.tr\/#\/schema\/person\/9f23d6d6a1da31c4b177b3ce5d7056a0\",\"name\":\"Su \u00dcr\u00fcnleri Yeti\u015ftiricileri \u00dcretici Merkez Birli\u011fi\",\"image\":{\"@type\":\"ImageObject\",\"inLanguage\":\"en-US\",\"@id\":\"https:\/\/www.suymerbir.org.tr\/#\/schema\/person\/image\/\",\"url\":\"https:\/\/secure.gravatar.com\/avatar\/ed546e79828bd9c38a64b553ced4a5f60311ccca9f0dbca7709b1034c27d3d79?s=96&d=mm&r=g\",\"contentUrl\":\"https:\/\/secure.gravatar.com\/avatar\/ed546e79828bd9c38a64b553ced4a5f60311ccca9f0dbca7709b1034c27d3d79?s=96&d=mm&r=g\",\"caption\":\"Su \u00dcr\u00fcnleri Yeti\u015ftiricileri \u00dcretici Merkez Birli\u011fi\"},\"sameAs\":[\"https:\/\/www.suymerbir.org.tr\"],\"url\":\"https:\/\/www.suymerbir.org.tr\/en\/author\/suymerbir\"}]}<\/script>\n<!-- \/ Yoast SEO plugin. -->","yoast_head_json":{"title":"2012 YILI D\u00dc\u015e\u00dcK FA\u0130ZL\u0130 KRED\u0130 KARARNAMES\u0130 YAYIMLANDI","robots":{"index":"index","follow":"follow","max-snippet":"max-snippet:-1","max-image-preview":"max-image-preview:large","max-video-preview":"max-video-preview:-1"},"canonical":"https:\/\/www.suymerbir.org.tr\/en\/2012-yili-dusuk-faizli-kredi-kararnamesi-yayimlandi.html","og_locale":"en_US","og_type":"article","og_title":"[:tr]2012 YILI D\u00dc\u015e\u00dcK FA\u0130ZL\u0130 KRED\u0130 KARARNAMES\u0130 YAYIMLANDI[:] - SUYMERB\u0130R","og_description":"22 \u015eubat 2012 tarihli 28212 say\u0131l\u0131 Resmi Gazetede yay\u0131mlanan 2012\/2781 say\u0131l\u0131 kararname \u00e7er\u00e7evesinde, Su \u00dcr\u00fcnleri Yeti\u015ftiricili\u011fine % 50...","og_url":"https:\/\/www.suymerbir.org.tr\/en\/2012-yili-dusuk-faizli-kredi-kararnamesi-yayimlandi.html","og_site_name":"SUYMERB\u0130R","article_published_time":"2012-11-06T16:59:21+00:00","author":"Su \u00dcr\u00fcnleri Yeti\u015ftiricileri \u00dcretici Merkez Birli\u011fi","twitter_card":"summary_large_image","twitter_misc":{"Written by":"Su \u00dcr\u00fcnleri Yeti\u015ftiricileri \u00dcretici Merkez Birli\u011fi"},"schema":{"@context":"https:\/\/schema.org","@graph":[{"@type":"Article","@id":"https:\/\/www.suymerbir.org.tr\/2012-yili-dusuk-faizli-kredi-kararnamesi-yayimlandi.html#article","isPartOf":{"@id":"https:\/\/www.suymerbir.org.tr\/2012-yili-dusuk-faizli-kredi-kararnamesi-yayimlandi.html"},"author":{"name":"Su \u00dcr\u00fcnleri Yeti\u015ftiricileri \u00dcretici Merkez Birli\u011fi","@id":"https:\/\/www.suymerbir.org.tr\/#\/schema\/person\/9f23d6d6a1da31c4b177b3ce5d7056a0"},"headline":"2012 YILI D\u00dc\u015e\u00dcK FA\u0130ZL\u0130 KRED\u0130 KARARNAMES\u0130 YAYIMLANDI","datePublished":"2012-11-06T16:59:21+00:00","mainEntityOfPage":{"@id":"https:\/\/www.suymerbir.org.tr\/2012-yili-dusuk-faizli-kredi-kararnamesi-yayimlandi.html"},"wordCount":75,"publisher":{"@id":"https:\/\/www.suymerbir.org.tr\/#organization"},"image":{"@id":"https:\/\/www.suymerbir.org.tr\/2012-yili-dusuk-faizli-kredi-kararnamesi-yayimlandi.html#primaryimage"},"thumbnailUrl":"","articleSection":["Duyurular"],"inLanguage":"en-US"},{"@type":"WebPage","@id":"https:\/\/www.suymerbir.org.tr\/2012-yili-dusuk-faizli-kredi-kararnamesi-yayimlandi.html","url":"https:\/\/www.suymerbir.org.tr\/2012-yili-dusuk-faizli-kredi-kararnamesi-yayimlandi.html","name":"2012 YILI D\u00dc\u015e\u00dcK FA\u0130ZL\u0130 KRED\u0130 KARARNAMES\u0130 YAYIMLANDI","isPartOf":{"@id":"https:\/\/www.suymerbir.org.tr\/#website"},"primaryImageOfPage":{"@id":"https:\/\/www.suymerbir.org.tr\/2012-yili-dusuk-faizli-kredi-kararnamesi-yayimlandi.html#primaryimage"},"image":{"@id":"https:\/\/www.suymerbir.org.tr\/2012-yili-dusuk-faizli-kredi-kararnamesi-yayimlandi.html#primaryimage"},"thumbnailUrl":"","datePublished":"2012-11-06T16:59:21+00:00","breadcrumb":{"@id":"https:\/\/www.suymerbir.org.tr\/2012-yili-dusuk-faizli-kredi-kararnamesi-yayimlandi.html#breadcrumb"},"inLanguage":"en-US","potentialAction":[{"@type":"ReadAction","target":["https:\/\/www.suymerbir.org.tr\/2012-yili-dusuk-faizli-kredi-kararnamesi-yayimlandi.html"]}]},{"@type":"ImageObject","inLanguage":"en-US","@id":"https:\/\/www.suymerbir.org.tr\/2012-yili-dusuk-faizli-kredi-kararnamesi-yayimlandi.html#primaryimage","url":"","contentUrl":""},{"@type":"BreadcrumbList","@id":"https:\/\/www.suymerbir.org.tr\/2012-yili-dusuk-faizli-kredi-kararnamesi-yayimlandi.html#breadcrumb","itemListElement":[{"@type":"ListItem","position":1,"name":"Anasayfa","item":"https:\/\/www.suymerbir.org.tr\/"},{"@type":"ListItem","position":2,"name":"2012 YILI D\u00dc\u015e\u00dcK FA\u0130ZL\u0130 KRED\u0130 KARARNAMES\u0130 YAYIMLANDI"}]},{"@type":"WebSite","@id":"https:\/\/www.suymerbir.org.tr\/#website","url":"https:\/\/www.suymerbir.org.tr\/","name":"SUYMERB\u0130R","description":"","publisher":{"@id":"https:\/\/www.suymerbir.org.tr\/#organization"},"potentialAction":[{"@type":"SearchAction","target":{"@type":"EntryPoint","urlTemplate":"https:\/\/www.suymerbir.org.tr\/?s={search_term_string}"},"query-input":{"@type":"PropertyValueSpecification","valueRequired":true,"valueName":"search_term_string"}}],"inLanguage":"en-US"},{"@type":"Organization","@id":"https:\/\/www.suymerbir.org.tr\/#organization","name":"SUYMERB\u0130R","url":"https:\/\/www.suymerbir.org.tr\/","logo":{"@type":"ImageObject","inLanguage":"en-US","@id":"https:\/\/www.suymerbir.org.tr\/#\/schema\/logo\/image\/","url":"https:\/\/www.suymerbir.org.tr\/wp-content\/uploads\/2025\/08\/cropped-suymerbir-logo.png","contentUrl":"https:\/\/www.suymerbir.org.tr\/wp-content\/uploads\/2025\/08\/cropped-suymerbir-logo.png","width":100,"height":100,"caption":"SUYMERB\u0130R"},"image":{"@id":"https:\/\/www.suymerbir.org.tr\/#\/schema\/logo\/image\/"},"sameAs":["https:\/\/instagram.com\/suymerbir"]},{"@type":"Person","@id":"https:\/\/www.suymerbir.org.tr\/#\/schema\/person\/9f23d6d6a1da31c4b177b3ce5d7056a0","name":"Su \u00dcr\u00fcnleri Yeti\u015ftiricileri \u00dcretici Merkez Birli\u011fi","image":{"@type":"ImageObject","inLanguage":"en-US","@id":"https:\/\/www.suymerbir.org.tr\/#\/schema\/person\/image\/","url":"https:\/\/secure.gravatar.com\/avatar\/ed546e79828bd9c38a64b553ced4a5f60311ccca9f0dbca7709b1034c27d3d79?s=96&d=mm&r=g","contentUrl":"https:\/\/secure.gravatar.com\/avatar\/ed546e79828bd9c38a64b553ced4a5f60311ccca9f0dbca7709b1034c27d3d79?s=96&d=mm&r=g","caption":"Su \u00dcr\u00fcnleri Yeti\u015ftiricileri \u00dcretici Merkez Birli\u011fi"},"sameAs":["https:\/\/www.suymerbir.org.tr"],"url":"https:\/\/www.suymerbir.org.tr\/en\/author\/suymerbir"}]}},"uagb_featured_image_src":{"full":false,"thumbnail":false,"medium":false,"medium_large":false,"large":false,"1536x1536":false,"2048x2048":false},"uagb_author_info":{"display_name":"Su \u00dcr\u00fcnleri Yeti\u015ftiricileri \u00dcretici Merkez Birli\u011fi","author_link":"https:\/\/www.suymerbir.org.tr\/en\/author\/suymerbir"},"uagb_comment_info":0,"uagb_excerpt":"22 \u015eubat 2012 tarihli 28212 say\u0131l\u0131 Resmi Gazetede yay\u0131mlanan 2012\/2781 say\u0131l\u0131 kararname \u00e7er\u00e7evesinde, Su \u00dcr\u00fcnleri Yeti\u015ftiricili\u011fine % 50...","_links":{"self":[{"href":"https:\/\/www.suymerbir.org.tr\/en\/wp-json\/wp\/v2\/posts\/743","targetHints":{"allow":["GET"]}}],"collection":[{"href":"https:\/\/www.suymerbir.org.tr\/en\/wp-json\/wp\/v2\/posts"}],"about":[{"href":"https:\/\/www.suymerbir.org.tr\/en\/wp-json\/wp\/v2\/types\/post"}],"author":[{"embeddable":true,"href":"https:\/\/www.suymerbir.org.tr\/en\/wp-json\/wp\/v2\/users\/3"}],"replies":[{"embeddable":true,"href":"https:\/\/www.suymerbir.org.tr\/en\/wp-json\/wp\/v2\/comments?post=743"}],"version-history":[{"count":0,"href":"https:\/\/www.suymerbir.org.tr\/en\/wp-json\/wp\/v2\/posts\/743\/revisions"}],"wp:featuredmedia":[{"embeddable":true,"href":"https:\/\/www.suymerbir.org.tr\/en\/wp-json\/"}],"wp:attachment":[{"href":"https:\/\/www.suymerbir.org.tr\/en\/wp-json\/wp\/v2\/media?parent=743"}],"wp:term":[{"taxonomy":"category","embeddable":true,"href":"https:\/\/www.suymerbir.org.tr\/en\/wp-json\/wp\/v2\/categories?post=743"},{"taxonomy":"post_tag","embeddable":true,"href":"https:\/\/www.suymerbir.org.tr\/en\/wp-json\/wp\/v2\/tags?post=743"}],"curies":[{"name":"wp","href":"https:\/\/api.w.org\/{rel}","templated":true}]}}